{"id":11359,"date":"2014-08-21T12:22:38","date_gmt":"2014-08-21T12:22:38","guid":{"rendered":"http:\/\/www.sommelierwine.com.br\/?p=11359"},"modified":"2025-09-17T10:14:24","modified_gmt":"2025-09-17T13:14:24","slug":"uma-inusitada-caminhada-sul-da-franca","status":"publish","type":"post","link":"https:\/\/www.wine.com.br\/winepedia\/uma-inusitada-caminhada-sul-da-franca\/","title":{"rendered":"Uma inusitada caminhada no Sul da Fran\u00e7a"},"content":{"rendered":"<p style=\"text-align: right;\"><em>Por Vicente Jorge<\/em><\/p>\n<p>Uma verdadeira festa! \u00c9 a\u00a0descri\u00e7\u00e3o mais clara que encontrei para a animada &#8220;<em>Journ\u00e9e Partenaire du Vigneron<\/em>&#8220;, uma caminhada que os produtores de <strong>vinhos<\/strong> de Tautavel (antiga Catalu\u00f1a), no sul da <strong>Fran\u00e7a<\/strong>, oferecem aos parceiros que cultivam as uvas que\u00a0compram.<\/p>\n<p>H\u00e1 poucos dias, tive o prazer de conferir de perto\u00a0esse evento do qual j\u00e1 at\u00e9 havia ouvido falar, mas nunca participado. Infelizmente, a comemora\u00e7\u00e3o n\u00e3o \u00e9 aberta ao p\u00fablico em geral.\u00a0Eu participei a convite de um produtor amigo e parceiro da Wine.com.br. E, claro, aproveitei a oportunidade \u00fanica para registrar de perto o que acontece por l\u00e1. D\u00e1 uma olhada!<\/p>\n<p><a href=\"https:\/\/www.winepedia.com.br\/wp-content\/uploads\/2014\/08\/IMG_1570.jpg\"><img loading=\"lazy\" decoding=\"async\" class=\"aligncenter wp-image-11361 size-full\" src=\"https:\/\/www.wine.com.br\/winepedia\/wp-content\/uploads\/2014\/08\/IMG_1570.jpg\" alt=\"IMG_1570\" width=\"640\" height=\"480\" srcset=\"https:\/\/www.wine.com.br\/winepedia\/wp-content\/uploads\/2014\/08\/IMG_1570.jpg 640w, https:\/\/www.wine.com.br\/winepedia\/wp-content\/uploads\/2014\/08\/IMG_1570-300x225.jpg 300w\" sizes=\"auto, (max-width: 640px) 100vw, 640px\" \/><\/a><\/p>\n<p>Ainda no in\u00edcio da caminhada. Logo mais \u00e0 frente, somos recebidos no vilarejo por uma banda catal\u00e3 e caminhamos at\u00e9 o pequeno centro com chap\u00e9us t\u00edpicos dos vinicultores.<\/p>\n<p><a href=\"https:\/\/www.winepedia.com.br\/wp-content\/uploads\/2014\/08\/IMG_1587.jpg\"><img loading=\"lazy\" decoding=\"async\" class=\"aligncenter wp-image-11363 size-full\" src=\"https:\/\/www.wine.com.br\/winepedia\/wp-content\/uploads\/2014\/08\/IMG_1587.jpg\" alt=\"IMG_1587\" width=\"640\" height=\"480\" srcset=\"https:\/\/www.wine.com.br\/winepedia\/wp-content\/uploads\/2014\/08\/IMG_1587.jpg 640w, https:\/\/www.wine.com.br\/winepedia\/wp-content\/uploads\/2014\/08\/IMG_1587-300x225.jpg 300w\" sizes=\"auto, (max-width: 640px) 100vw, 640px\" \/><\/a><\/p>\n<p>Ao chegarmos\u00a0l\u00e1, encontramos muito vinhos, lingui\u00e7a t\u00edpica assada\u00a0e escargot. Simplesmente b\u00e1rbaro!<\/p>\n<p><a href=\"https:\/\/www.winepedia.com.br\/wp-content\/uploads\/2014\/08\/IMG_1600.jpg\"><img loading=\"lazy\" decoding=\"async\" class=\"aligncenter wp-image-11364 size-full\" src=\"https:\/\/www.wine.com.br\/winepedia\/wp-content\/uploads\/2014\/08\/IMG_1600.jpg\" alt=\"IMG_1600\" width=\"640\" height=\"480\" srcset=\"https:\/\/www.wine.com.br\/winepedia\/wp-content\/uploads\/2014\/08\/IMG_1600.jpg 640w, https:\/\/www.wine.com.br\/winepedia\/wp-content\/uploads\/2014\/08\/IMG_1600-300x225.jpg 300w\" sizes=\"auto, (max-width: 640px) 100vw, 640px\" \/><\/a><\/p>\n<p>Depois todos fomos\u00a0para o meio dos vinhedos onde havia\u00a0mais comida t\u00edpica e uma boa dose de um Rivesaltes, de onde saem tradicionais vinhos doces. Eu at\u00e9 que fui\u00a0discreto na minha vez de degustar esse vinho.<\/p>\n<p><a href=\"https:\/\/www.winepedia.com.br\/wp-content\/uploads\/2014\/08\/unnamed.jpg\"><img loading=\"lazy\" decoding=\"async\" class=\"aligncenter wp-image-11365 size-full\" src=\"https:\/\/www.wine.com.br\/winepedia\/wp-content\/uploads\/2014\/08\/unnamed.jpg\" alt=\"unnamed\" width=\"640\" height=\"480\" srcset=\"https:\/\/www.wine.com.br\/winepedia\/wp-content\/uploads\/2014\/08\/unnamed.jpg 640w, https:\/\/www.wine.com.br\/winepedia\/wp-content\/uploads\/2014\/08\/unnamed-300x225.jpg 300w\" sizes=\"auto, (max-width: 640px) 100vw, 640px\" \/><\/a><\/p>\n<p>A anima\u00e7\u00e3o do dia \u00e9 tanta que ao fim do evento a discri\u00e7\u00e3o j\u00e1 nem \u00e9 mais bem-vinda. V\u00ea-se pelo registro acima&#8230; Rsrs. Enfim, mais uma experi\u00eancia sensacional da qual irei sempre me recordar com alegria e carinho. Aguardem as pr\u00f3ximas!<\/p>\n","protected":false},"excerpt":{"rendered":"<p>Imagina s\u00f3 se existisse uma caminhada organizada especialmente para produtores regada a muito vinho e boa comida, como seria? Na Fran\u00e7a, existe. Olha como ela \u00e9!<\/p>\n","protected":false},"author":27,"featured_media":11544,"comment_status":"open","ping_status":"closed","sticky":false,"template":"","format":"standard","meta":{"footnotes":""},"categories":[6],"tags":[2140,3018,2486,781],"class_list":["post-11359","post","type-post","status-publish","format-standard","has-post-thumbnail","hentry","category-diario-do-winehunter","tag-caminhada","tag-sul-da-franca","tag-vinhos","tag-vinhos-franceses"],"_links":{"self":[{"href":"https:\/\/www.wine.com.br\/winepedia\/wp-json\/wp\/v2\/posts\/11359","targetHints":{"allow":["GET"]}}],"collection":[{"href":"https:\/\/www.wine.com.br\/winepedia\/wp-json\/wp\/v2\/posts"}],"about":[{"href":"https:\/\/www.wine.com.br\/winepedia\/wp-json\/wp\/v2\/types\/post"}],"author":[{"embeddable":true,"href":"https:\/\/www.wine.com.br\/winepedia\/wp-json\/wp\/v2\/users\/27"}],"replies":[{"embeddable":true,"href":"https:\/\/www.wine.com.br\/winepedia\/wp-json\/wp\/v2\/comments?post=11359"}],"version-history":[{"count":1,"href":"https:\/\/www.wine.com.br\/winepedia\/wp-json\/wp\/v2\/posts\/11359\/revisions"}],"predecessor-version":[{"id":26740,"href":"https:\/\/www.wine.com.br\/winepedia\/wp-json\/wp\/v2\/posts\/11359\/revisions\/26740"}],"wp:featuredmedia":[{"embeddable":true,"href":"https:\/\/www.wine.com.br\/winepedia\/wp-json\/wp\/v2\/media\/11544"}],"wp:attachment":[{"href":"https:\/\/www.wine.com.br\/winepedia\/wp-json\/wp\/v2\/media?parent=11359"}],"wp:term":[{"taxonomy":"category","embeddable":true,"href":"https:\/\/www.wine.com.br\/winepedia\/wp-json\/wp\/v2\/categories?post=11359"},{"taxonomy":"post_tag","embeddable":true,"href":"https:\/\/www.wine.com.br\/winepedia\/wp-json\/wp\/v2\/tags?post=11359"}],"curies":[{"name":"wp","href":"https:\/\/api.w.org\/{rel}","templated":true}]}}