{"id":13369,"date":"2015-03-27T20:12:50","date_gmt":"2015-03-27T20:12:50","guid":{"rendered":"http:\/\/www.sommelierwine.com.br\/?p=13369"},"modified":"2025-09-16T15:15:47","modified_gmt":"2025-09-16T18:15:47","slug":"prowein-2015","status":"publish","type":"post","link":"https:\/\/www.wine.com.br\/winepedia\/prowein-2015\/","title":{"rendered":"ProWein 2015"},"content":{"rendered":"<p style=\"text-align: right;\">Por <a href=\"https:\/\/www.wine.com.br\/wineinfo\/hotsite\/indicacao-do-winehunter\/winehunters\/\" target=\"_blank\" rel=\"noopener noreferrer\"><em>Vicente Jorge<\/em><\/a><\/p>\n<p>Milhares \u00a0e milhares de <strong>vinhos<\/strong> do mundo todo em um s\u00f3 lugar. Essa \u00e9 a primeira coisa que tenho a falar sobre a <strong>ProWein<\/strong>, atualmente, a feira mais importante do mundo dos vinhos.<\/p>\n<p>Olha s\u00f3 a minha cara e a do Manu na foto de destaque, n\u00e3o \u00e9 f\u00e1cil buscar vinhos em lugar assim. Temos que nos organizar muito bem no que queremos, pois as distra\u00e7\u00f5es s\u00e3o muitas e \u00e9 muito f\u00e1cil se desviar do real objetivo.<\/p>\n<p>A edi\u00e7\u00e3o 2015 da ProWein aconteceu neste m\u00eas de mar\u00e7o, entre os dias 14 a 18, mas s\u00f3 agora tive tempo de parar e vir aqui escrever sobre o evento.<\/p>\n<p>Extremamente profissional e organizada, a feira recebe produtores de vinhos de toda parte e transforma a cara da cidade de Dusseldorf, na Alemanha, onde \u00e9 realizada.<\/p>\n<p><img loading=\"lazy\" decoding=\"async\" class=\"aligncenter wp-image-13372 size-full\" src=\"https:\/\/www.wine.com.br\/winepedia\/wp-content\/uploads\/2015\/03\/Foto-1-1.jpg\" alt=\"Foto 1 (1)\" width=\"640\" height=\"480\" srcset=\"https:\/\/www.wine.com.br\/winepedia\/wp-content\/uploads\/2015\/03\/Foto-1-1.jpg 640w, https:\/\/www.wine.com.br\/winepedia\/wp-content\/uploads\/2015\/03\/Foto-1-1-300x225.jpg 300w\" sizes=\"auto, (max-width: 640px) 100vw, 640px\" \/><\/p>\n<p>O fluxo de visitantes \u00e9 intenso e para ter um momento mais sossegado durante esse dias, s\u00f3 chegando cedo para tomar um caf\u00e9 tranquilo nos pavilh\u00f5es das feiras. Assim \u00e9 que conseguimos colocar em ordem todas as informa\u00e7\u00f5es dos vinhos degustados. E s\u00e3o tantas degusta\u00e7\u00f5es que at\u00e9 perdemos a conta!<\/p>\n<p><img loading=\"lazy\" decoding=\"async\" class=\"aligncenter wp-image-13373 size-full\" src=\"https:\/\/www.wine.com.br\/winepedia\/wp-content\/uploads\/2015\/03\/Foto-2-1.jpg\" alt=\"Foto 2 (1)\" width=\"640\" height=\"480\" srcset=\"https:\/\/www.wine.com.br\/winepedia\/wp-content\/uploads\/2015\/03\/Foto-2-1.jpg 640w, https:\/\/www.wine.com.br\/winepedia\/wp-content\/uploads\/2015\/03\/Foto-2-1-300x225.jpg 300w\" sizes=\"auto, (max-width: 640px) 100vw, 640px\" \/><\/p>\n<p>Durante um evento como esse, sempre temos muitos encontros e compromissos com\u00a0parceiros e isso incluiu lan\u00e7amentos de novos produtos. \u00c9 sempre dif\u00edcil de comparecer a todos, mas fazemos o poss\u00edvel. Olha s\u00f3 quem costuma nos acompanhar para ajudar a cumprir os compromissos, nosso presidente, Rogerio Salume.<\/p>\n<p><img loading=\"lazy\" decoding=\"async\" class=\"aligncenter wp-image-13374 size-full\" src=\"https:\/\/www.wine.com.br\/winepedia\/wp-content\/uploads\/2015\/03\/Foto-41.jpg\" alt=\"Foto 4\" width=\"1280\" height=\"960\" srcset=\"https:\/\/www.wine.com.br\/winepedia\/wp-content\/uploads\/2015\/03\/Foto-41.jpg 1280w, https:\/\/www.wine.com.br\/winepedia\/wp-content\/uploads\/2015\/03\/Foto-41-300x225.jpg 300w, https:\/\/www.wine.com.br\/winepedia\/wp-content\/uploads\/2015\/03\/Foto-41-768x576.jpg 768w, https:\/\/www.wine.com.br\/winepedia\/wp-content\/uploads\/2015\/03\/Foto-41-1024x768.jpg 1024w\" sizes=\"auto, (max-width: 1280px) 100vw, 1280px\" \/><\/p>\n<p>Ahhh essa parte da feira \u00e9 realmente uma das melhores! No final dos eventos, quase sempre, acabamos comendo o tradicional e t\u00edpico joelho de porco alem\u00e3o. O sabor dessa iguaria \u00e9 imperd\u00edvel.<\/p>\n<p><img loading=\"lazy\" decoding=\"async\" class=\"aligncenter wp-image-13375\" src=\"http:\/\/www.winepedia.com.br\/wp-content\/uploads\/2015\/03\/Foto-5-1.jpg\" alt=\"Foto 5 (1)\" width=\"599\" height=\"799\" srcset=\"https:\/\/www.wine.com.br\/winepedia\/wp-content\/uploads\/2015\/03\/Foto-5-1.jpg 960w, https:\/\/www.wine.com.br\/winepedia\/wp-content\/uploads\/2015\/03\/Foto-5-1-225x300.jpg 225w, https:\/\/www.wine.com.br\/winepedia\/wp-content\/uploads\/2015\/03\/Foto-5-1-768x1024.jpg 768w\" sizes=\"auto, (max-width: 599px) 100vw, 599px\" \/><\/p>\n<p>A feira acabou, mas o trabalho proveniente dela continua. Agora \u00e9 momento de reavaliar as centenas de vinhos que degustamos e produtores com os quais nos reunimos para trazermos mais novidades. Um trabalho que se renova a cada ano.<\/p>\n<p>&nbsp;<\/p>\n","protected":false},"excerpt":{"rendered":"<p>Veja como foi a edi\u00e7\u00e3o deste ano de uma das maiores feiras no mundo do vinho. N\u00f3s estivemos l\u00e1!<\/p>\n","protected":false},"author":27,"featured_media":13376,"comment_status":"open","ping_status":"closed","sticky":false,"template":"","format":"standard","meta":{"footnotes":""},"categories":[6],"tags":[3503,2713,2692],"class_list":["post-13369","post","type-post","status-publish","format-standard","has-post-thumbnail","hentry","category-diario-do-winehunter","tag-feira-de-vinhos","tag-prowein","tag-winehunter"],"_links":{"self":[{"href":"https:\/\/www.wine.com.br\/winepedia\/wp-json\/wp\/v2\/posts\/13369","targetHints":{"allow":["GET"]}}],"collection":[{"href":"https:\/\/www.wine.com.br\/winepedia\/wp-json\/wp\/v2\/posts"}],"about":[{"href":"https:\/\/www.wine.com.br\/winepedia\/wp-json\/wp\/v2\/types\/post"}],"author":[{"embeddable":true,"href":"https:\/\/www.wine.com.br\/winepedia\/wp-json\/wp\/v2\/users\/27"}],"replies":[{"embeddable":true,"href":"https:\/\/www.wine.com.br\/winepedia\/wp-json\/wp\/v2\/comments?post=13369"}],"version-history":[{"count":1,"href":"https:\/\/www.wine.com.br\/winepedia\/wp-json\/wp\/v2\/posts\/13369\/revisions"}],"predecessor-version":[{"id":26713,"href":"https:\/\/www.wine.com.br\/winepedia\/wp-json\/wp\/v2\/posts\/13369\/revisions\/26713"}],"wp:featuredmedia":[{"embeddable":true,"href":"https:\/\/www.wine.com.br\/winepedia\/wp-json\/wp\/v2\/media\/13376"}],"wp:attachment":[{"href":"https:\/\/www.wine.com.br\/winepedia\/wp-json\/wp\/v2\/media?parent=13369"}],"wp:term":[{"taxonomy":"category","embeddable":true,"href":"https:\/\/www.wine.com.br\/winepedia\/wp-json\/wp\/v2\/categories?post=13369"},{"taxonomy":"post_tag","embeddable":true,"href":"https:\/\/www.wine.com.br\/winepedia\/wp-json\/wp\/v2\/tags?post=13369"}],"curies":[{"name":"wp","href":"https:\/\/api.w.org\/{rel}","templated":true}]}}