{"id":13943,"date":"2015-06-09T12:09:26","date_gmt":"2015-06-09T12:09:26","guid":{"rendered":"http:\/\/www.sommelierwine.com.br\/?p=13943"},"modified":"2025-09-15T16:43:16","modified_gmt":"2025-09-15T19:43:16","slug":"degustacoes-marcantes","status":"publish","type":"post","link":"https:\/\/www.wine.com.br\/winepedia\/degustacoes-marcantes\/","title":{"rendered":"Degusta\u00e7\u00f5es que merecem ser compartilhadas"},"content":{"rendered":"<p style=\"text-align: right;\">Por <a href=\"https:\/\/www.wine.com.br\/wineinfo\/hotsite\/indicacao-do-winehunter\/winehunters\/?utm_source=winepedia&amp;utm_medium=socialorganic&amp;utm_campaign=08.06.2015-hotsite-indicacao-do-winehunter-winehunters\" target=\"_blank\" rel=\"noopener noreferrer\">Manu Brand\u00e3o<\/a><\/p>\n<p>Para come\u00e7ar, j\u00e1 destaco a degusta\u00e7\u00e3o mais marcante para mim, neste ano. Era a minha primeira vez na \u00c1frica do Sul e, ao chegar l\u00e1, fiquei surpreso com o visual e, principalmente, pelo\u00a0cuidado com os vinhedos e com o enoturismo.<\/p>\n<p>Visitamos 10 vin\u00edcolas e degustamos mais de 80 vinhos. Mas, sem d\u00favida, fico com a Fleur du Cap (foto acima), uma vin\u00edcola que se destacou com seu vinhos brancos.<\/p>\n<div id=\"attachment_13946\" style=\"width: 610px\" class=\"wp-caption alignnone\"><a href=\"https:\/\/www.winepedia.com.br\/wp-content\/uploads\/2015\/06\/Foto-01.png\"><img loading=\"lazy\" decoding=\"async\" aria-describedby=\"caption-attachment-13946\" class=\"wp-image-13946 size-full\" src=\"https:\/\/www.wine.com.br\/winepedia\/wp-content\/uploads\/2015\/06\/Foto-01.png\" alt=\"Prowein\" width=\"600\" height=\"400\" srcset=\"https:\/\/www.wine.com.br\/winepedia\/wp-content\/uploads\/2015\/06\/Foto-01.png 600w, https:\/\/www.wine.com.br\/winepedia\/wp-content\/uploads\/2015\/06\/Foto-01-300x200.png 300w\" sizes=\"auto, (max-width: 600px) 100vw, 600px\" \/><\/a><\/p>\n<p id=\"caption-attachment-13946\" class=\"wp-caption-text\">Da esquerda para direita: Manuel Lobo &#8211; En\u00f3logo da Quinta do Crasto; Miguel Roquette- copropriet\u00e1rio da vin\u00edcola; Pedro Guedes &#8211; Diretor Comercial e o Winehunter Vicente Jorge<\/p>\n<\/div>\n<p>Escolhemos essa degusta\u00e7\u00e3o porque foi inesperada, aconteceu em plena feira Prowein, na Alemanha. Degustamos, sobre um quadrado de madeira, v\u00e1rios vinhos.<\/p>\n<p>Em meio aos exemplares descobrimos um Porto 10 anos, de pequena produ\u00e7\u00e3o, elaborado pela Quinta do Crasto. Para meu gosto, foi o melhor que tomei. Incr\u00edvel!<\/p>\n<p><a href=\"https:\/\/www.winepedia.com.br\/wp-content\/uploads\/2015\/06\/Foto-03.png\"><img loading=\"lazy\" decoding=\"async\" class=\"alignnone wp-image-13947 size-full\" src=\"https:\/\/www.wine.com.br\/winepedia\/wp-content\/uploads\/2015\/06\/Foto-03.png\" alt=\"Foto 03\" width=\"600\" height=\"400\" srcset=\"https:\/\/www.wine.com.br\/winepedia\/wp-content\/uploads\/2015\/06\/Foto-03.png 600w, https:\/\/www.wine.com.br\/winepedia\/wp-content\/uploads\/2015\/06\/Foto-03-300x200.png 300w\" sizes=\"auto, (max-width: 600px) 100vw, 600px\" \/><\/a><\/p>\n<p>Anualmente, acontece a semana dos Primeurs, em Bordeaux, e n\u00e3o h\u00e1 como se decepcionar com as degusta\u00e7\u00f5es. Na deste ano, tivemos a oportunidade de degustar a maioria dos Grand Cru Class\u00e9. Foram cinco dias, cada um com mais de 20 vinhos degustados, mas o mais marcante foi um Ch\u00e2teau Latour.<\/p>\n<div id=\"attachment_13948\" style=\"width: 610px\" class=\"wp-caption alignnone\"><a href=\"https:\/\/www.winepedia.com.br\/wp-content\/uploads\/2015\/06\/Foto-04.png\"><img loading=\"lazy\" decoding=\"async\" aria-describedby=\"caption-attachment-13948\" class=\"wp-image-13948 size-full\" src=\"https:\/\/www.wine.com.br\/winepedia\/wp-content\/uploads\/2015\/06\/Foto-04.png\" alt=\"Foto 04\" width=\"600\" height=\"400\" srcset=\"https:\/\/www.wine.com.br\/winepedia\/wp-content\/uploads\/2015\/06\/Foto-04.png 600w, https:\/\/www.wine.com.br\/winepedia\/wp-content\/uploads\/2015\/06\/Foto-04-300x200.png 300w\" sizes=\"auto, (max-width: 600px) 100vw, 600px\" \/><\/a><\/p>\n<p id=\"caption-attachment-13948\" class=\"wp-caption-text\">Da esquerda para direita:\u00a0C\u00e9sar Langa &#8211;\u00a0Propriet\u00e1rio das Bodegas Langa; Ignacio Alonso Ruiz\u00a0&#8211; Comercial da Diva Espana.<\/p>\n<\/div>\n<p>N\u00e3o podia faltar um registro dessa degusta\u00e7\u00e3o! Ela aconteceu numa viagem \u00e0 Espanha. De trem bala, visitamos regi\u00f5es como Ribera del Duero e Toro \u2013 perto de Valladolid, Yecla \u2013 a 400 km ao sul de Madrid \u2013 e Calatayud, perto de Zaragoza, onde fomos \u00e0 Bodega Langa, com a qual j\u00e1 fizemos um <strong>ClubeW Premium<\/strong> e trouxemos os <a href=\"https:\/\/www.wine.com.br\/wineinfo\/clubew\/premium\/selecoes-anteriores\/2015\/03\/?utm_source=winepedia&amp;utm_medium=socialorganic&amp;utm_campaign=09.06.2015-clubew-premium-selecoes-anteriores-2015-03\" target=\"_blank\" rel=\"noopener noreferrer\">vinhos PI<\/a>.<\/p>\n<p>Desta vez, encontramos um vinho branco incr\u00edvel, que tamb\u00e9m \u00e9 da linha PI e, em breve, estar\u00e1 na <a href=\"https:\/\/www.wine.com.br\/?utm_source=winepedia&amp;utm_medium=socialorganic&amp;utm_campaign=09.06.2015-wine-site\" target=\"_blank\" rel=\"noopener noreferrer\">Wine.com.br<\/a>.<\/p>\n<p>Outra descoberta dessa degusta\u00e7\u00e3o foram os Cavas Real de Arag\u00f3n, espumantes pontuados que justificam a qualidade dos vinhos elaborados por essa vin\u00edcola. Por isso, decidimos que a nossa primeira sele\u00e7\u00e3o do <a href=\"https:\/\/www.wine.com.br\/wineinfo\/clubew\/espumantes\/selecao-do-mes\/?utm_source=winepedia&amp;utm_medium=socialorganic&amp;utm_campaign=09.06.2015-clubew-espumantes-selecao-do-mes\" target=\"_blank\" rel=\"noopener noreferrer\">ClubeW Espumantes<\/a> tamb\u00e9m seria feita com a Bodegas Langa.<\/p>\n<p>Creio que aqui cabe finalizar com a seguinte frase de Napole\u00e3o Bonarparte: \u201c<em>O vinho inspira e contribui grandemente para a alegria de viver<\/em>\u201d.<\/p>\n<p><em>Sant\u00e9 a tous!<\/em><\/p>\n","protected":false},"excerpt":{"rendered":"<p>Este ano, j\u00e1 participamos de in\u00fameras degusta\u00e7\u00f5es e algumas foram realmente marcantes para n\u00f3s. Veja quais s\u00e3o.<\/p>\n","protected":false},"author":27,"featured_media":13949,"comment_status":"open","ping_status":"closed","sticky":false,"template":"","format":"standard","meta":{"footnotes":""},"categories":[6],"tags":[2093,2193,2897,2490,2898,2713],"class_list":["post-13943","post","type-post","status-publish","format-standard","has-post-thumbnail","hentry","category-diario-do-winehunter","tag-bodegas-langa","tag-chateau-latour","tag-degustacoes","tag-espanha","tag-fleur-du-cap","tag-prowein"],"_links":{"self":[{"href":"https:\/\/www.wine.com.br\/winepedia\/wp-json\/wp\/v2\/posts\/13943","targetHints":{"allow":["GET"]}}],"collection":[{"href":"https:\/\/www.wine.com.br\/winepedia\/wp-json\/wp\/v2\/posts"}],"about":[{"href":"https:\/\/www.wine.com.br\/winepedia\/wp-json\/wp\/v2\/types\/post"}],"author":[{"embeddable":true,"href":"https:\/\/www.wine.com.br\/winepedia\/wp-json\/wp\/v2\/users\/27"}],"replies":[{"embeddable":true,"href":"https:\/\/www.wine.com.br\/winepedia\/wp-json\/wp\/v2\/comments?post=13943"}],"version-history":[{"count":1,"href":"https:\/\/www.wine.com.br\/winepedia\/wp-json\/wp\/v2\/posts\/13943\/revisions"}],"predecessor-version":[{"id":26674,"href":"https:\/\/www.wine.com.br\/winepedia\/wp-json\/wp\/v2\/posts\/13943\/revisions\/26674"}],"wp:featuredmedia":[{"embeddable":true,"href":"https:\/\/www.wine.com.br\/winepedia\/wp-json\/wp\/v2\/media\/13949"}],"wp:attachment":[{"href":"https:\/\/www.wine.com.br\/winepedia\/wp-json\/wp\/v2\/media?parent=13943"}],"wp:term":[{"taxonomy":"category","embeddable":true,"href":"https:\/\/www.wine.com.br\/winepedia\/wp-json\/wp\/v2\/categories?post=13943"},{"taxonomy":"post_tag","embeddable":true,"href":"https:\/\/www.wine.com.br\/winepedia\/wp-json\/wp\/v2\/tags?post=13943"}],"curies":[{"name":"wp","href":"https:\/\/api.w.org\/{rel}","templated":true}]}}