{"id":16067,"date":"2016-11-30T09:00:02","date_gmt":"2016-11-30T09:00:02","guid":{"rendered":"http:\/\/www.sommelierwine.com.br\/?p=16067"},"modified":"2025-09-15T17:17:26","modified_gmt":"2025-09-15T20:17:26","slug":"espanha-e-portugal","status":"publish","type":"post","link":"https:\/\/www.wine.com.br\/winepedia\/espanha-e-portugal\/","title":{"rendered":"Dois pa\u00edses, duas condecora\u00e7\u00f5es e um s\u00f3 rio"},"content":{"rendered":"<p style=\"text-align: left;\">A hist\u00f3ria vit\u00edcola de <strong>Ribera del Duero<\/strong>, na<strong> Espanha<\/strong>, une os vinhedos e os vinhos \u00e0 personalidade e \u00e0 cultura das pessoas de l\u00e1. A primeira refer\u00eancia vin\u00edcola da regi\u00e3o tem mais de 2000 anos. A <strong>Cofrad\u00eda del Vino de la Ribera del Duero <\/strong>recente foi constitu\u00edda em 2002, com sede no famoso <strong>Castelo de Pe\u00f1afiel<\/strong>, que tamb\u00e9m \u00e9 um museu do vinho, localizado no topo de uma montanha. Foi ali que come\u00e7ou nossa jornada, na verdade, a minha jornada, pois o <em>Vicente<\/em> estava no Uruguai e n\u00e3o conseguiu estar presente na condecora\u00e7\u00e3o. Como sempre, esse evento \u00e9 muito formal e o smoking \u00e9 imprescind\u00edvel.<\/p>\n<p><img loading=\"lazy\" decoding=\"async\" class=\"alignnone wp-image-16068 \" src=\"https:\/\/www.wine.com.br\/winepedia\/wp-content\/uploads\/2016\/11\/Foto-2.jpg\" alt=\"Di\u00e1rio do Winehunter\" width=\"344\" height=\"613\" srcset=\"https:\/\/www.wine.com.br\/winepedia\/wp-content\/uploads\/2016\/11\/Foto-2.jpg 898w, https:\/\/www.wine.com.br\/winepedia\/wp-content\/uploads\/2016\/11\/Foto-2-168x300.jpg 168w, https:\/\/www.wine.com.br\/winepedia\/wp-content\/uploads\/2016\/11\/Foto-2-768x1368.jpg 768w, https:\/\/www.wine.com.br\/winepedia\/wp-content\/uploads\/2016\/11\/Foto-2-575x1024.jpg 575w\" sizes=\"auto, (max-width: 344px) 100vw, 344px\" \/><\/p>\n<p>Existem somente duas confrarias na Espanha e a de Ribera del Duero hospeda alguns dos grandes nomes do mundo do vinho como Vega Sicilia, Pintia e Protos. Tivemos um dia com degusta\u00e7\u00f5es de exemplares e tamb\u00e9m de deliciosos produtos locais. Ap\u00f3s a cerim\u00f4nia, recebi o diploma de Cofrade de Honor.<\/p>\n<p>A comemora\u00e7\u00e3o todo ano acontece em um vilarejo diferente. Desta vez, foi em <strong>Fompedraza<\/strong>. O dia acabou com um jantar e eu tive ainda a satisfa\u00e7\u00e3o de fazer uma entrevista com a TV local.<\/p>\n<p><img loading=\"lazy\" decoding=\"async\" class=\"alignnone wp-image-16069 \" src=\"https:\/\/www.wine.com.br\/winepedia\/wp-content\/uploads\/2016\/11\/Foto-4.jpg\" alt=\"Di\u00e1rio do Winehunter\" width=\"337\" height=\"509\" srcset=\"https:\/\/www.wine.com.br\/winepedia\/wp-content\/uploads\/2016\/11\/Foto-4.jpg 816w, https:\/\/www.wine.com.br\/winepedia\/wp-content\/uploads\/2016\/11\/Foto-4-199x300.jpg 199w, https:\/\/www.wine.com.br\/winepedia\/wp-content\/uploads\/2016\/11\/Foto-4-768x1160.jpg 768w, https:\/\/www.wine.com.br\/winepedia\/wp-content\/uploads\/2016\/11\/Foto-4-678x1024.jpg 678w\" sizes=\"auto, (max-width: 337px) 100vw, 337px\" \/><\/p>\n<p>Do dia seguinte, antes de voltar para casa, n\u00e3o poderia deixar de visitar a Bodega La Veguilla, cujos vinhos vai compor nossa sele\u00e7\u00e3o do <a href=\"https:\/\/www.wine.com.br\/wineinfo\/clubew\/premium\/selecao-do-mes\/\" target=\"_blank\" rel=\"noopener noreferrer\">ClubeW Premium<\/a> de dezembro e comp\u00f4s o <a href=\"https:\/\/www.wine.com.br\/wineinfo\/clubew\/classic\/selecao-do-mes\/\" target=\"_blank\" rel=\"noopener noreferrer\">Classic<\/a> de novembro.<\/p>\n<p>Chegamos em <strong>Portugal<\/strong> pelo final do rio Douro, a convite da outra confraria renomada, a <strong>Confraria do Vinho do Porto<\/strong>. Chegamos um dia antes da condecora\u00e7\u00e3o e tivemos a sorte de poder participar da <strong>Festa de S\u00e3o Jo\u00e3o<\/strong>, na beira do rio, em<strong> Vila Nova de Gaia<\/strong> (foto do destaque), onde acontece a famosa <strong>Regata de barcos Rabelos<\/strong> (meio de transporte que carregavam as barricas de Vinho do Porto) de cada casa de Porto. Este ano, quem chegou em primeiro foi o barco da <strong>Casa Rozes<\/strong>.<\/p>\n<p><img loading=\"lazy\" decoding=\"async\" class=\"alignnone wp-image-16070 \" src=\"https:\/\/www.wine.com.br\/winepedia\/wp-content\/uploads\/2016\/11\/Foto-7.jpg\" alt=\"Di\u00e1rio do Winehunter\" width=\"600\" height=\"400\" srcset=\"https:\/\/www.wine.com.br\/winepedia\/wp-content\/uploads\/2016\/11\/Foto-7.jpg 2048w, https:\/\/www.wine.com.br\/winepedia\/wp-content\/uploads\/2016\/11\/Foto-7-300x200.jpg 300w, https:\/\/www.wine.com.br\/winepedia\/wp-content\/uploads\/2016\/11\/Foto-7-768x512.jpg 768w, https:\/\/www.wine.com.br\/winepedia\/wp-content\/uploads\/2016\/11\/Foto-7-1024x683.jpg 1024w\" sizes=\"auto, (max-width: 600px) 100vw, 600px\" \/><\/p>\n<p>Nessa viagem, quem nos acompanhou foi o nosso diretor de Marketing, o <em>Luis Martini<\/em>, que participou com a gente de algumas degusta\u00e7\u00f5es. Na foto, uma que fizemos em Lisboa.<\/p>\n<p><img loading=\"lazy\" decoding=\"async\" class=\"alignnone wp-image-16071 \" src=\"https:\/\/www.wine.com.br\/winepedia\/wp-content\/uploads\/2016\/11\/Foto-8.jpg\" alt=\"Di\u00e1rio do Winehunter\" width=\"600\" height=\"451\" srcset=\"https:\/\/www.wine.com.br\/winepedia\/wp-content\/uploads\/2016\/11\/Foto-8.jpg 1024w, https:\/\/www.wine.com.br\/winepedia\/wp-content\/uploads\/2016\/11\/Foto-8-300x225.jpg 300w, https:\/\/www.wine.com.br\/winepedia\/wp-content\/uploads\/2016\/11\/Foto-8-768x577.jpg 768w\" sizes=\"auto, (max-width: 600px) 100vw, 600px\" \/><\/p>\n<p>A Confraria do Vinho do Porto, a mais importante de Portugal, teve in\u00edcio em 1945. No entanto, havia muitas dificuldades nessa \u00e9poca para se criar uma confraria independente. Por isso, esse sonho s\u00f3 p\u00f4de ser realizado em novembro de 1982, com a constitui\u00e7\u00e3o da Confraria do Vinho do Porto e sua instala\u00e7\u00e3o no <strong>Pal\u00e1cio da Bolsa<\/strong>, na cidade do <strong>Porto<\/strong>.<\/p>\n<p>Al\u00e9m de prestigiar o Vinho do Porto em todas as oportunidades, a condecora\u00e7\u00e3o deve ser proposta por um Mestre ou pela Chancelaria e aceite em reuni\u00e3o de Cap\u00edtulo. Os novos confrades recebem as ins\u00edgnias das m\u00e3os do seu Mestre proponente durante a cerim\u00f4nia, assinam o Livro de Honra da Confraria e recebem o seu Diploma, entregue pelo Chanceler. Aqui, estamos com os nossos padrinhos que nos indicaram, <em>Pedro Branco<\/em>, da <strong>Quinta do Portal<\/strong>, e <em>Jos\u00e9 Rosas<\/em>, da casa <strong>Ramos Pinto<\/strong>.<\/p>\n<p><img loading=\"lazy\" decoding=\"async\" class=\"alignnone wp-image-16072 \" src=\"https:\/\/www.wine.com.br\/winepedia\/wp-content\/uploads\/2016\/11\/Foto-10-.jpg\" alt=\"Di\u00e1rio do Winehunter\" width=\"600\" height=\"482\" srcset=\"https:\/\/www.wine.com.br\/winepedia\/wp-content\/uploads\/2016\/11\/Foto-10-.jpg 2048w, https:\/\/www.wine.com.br\/winepedia\/wp-content\/uploads\/2016\/11\/Foto-10--300x241.jpg 300w, https:\/\/www.wine.com.br\/winepedia\/wp-content\/uploads\/2016\/11\/Foto-10--768x617.jpg 768w, https:\/\/www.wine.com.br\/winepedia\/wp-content\/uploads\/2016\/11\/Foto-10--1024x823.jpg 1024w\" sizes=\"auto, (max-width: 600px) 100vw, 600px\" \/><\/p>\n<p>Essa \u00e9 uma das confrarias mais formais. O evento\u00a0dura cerca de 4 horas e acontece no espetacular <strong>Pal\u00e1cio da Bolsa,\u00a0<\/strong>no Porto. Todos os Confrades e convidados formam um cortejo, seguindo a p\u00e9, at\u00e9 ao <strong>Museu dos Transportes<\/strong> \u2013 Edif\u00edcio da Alf\u00e2ndega do Porto, fundado em 1859, na praia de Miragaia, segundo o projeto do arquiteto franc\u00eas <em>Jean-Fran\u00e7ois Colson<\/em>. Por l\u00e1, foram realizado o Jantar e Baile de Gala.<\/p>\n<p>O jantar demorou um pouco porque a sele\u00e7\u00e3o de futebol de Portugal estava jogando a semifinal da Eurocopa. Todos estavam na expectativa. N\u00f3s esperamos com a fam\u00edlia da Quinta do Portal, que elabora um espumante incr\u00edvel. Depois de a sele\u00e7\u00e3o ter ganhado o jogo, o jantar fant\u00e1stico finalmente foi servido.<\/p>\n<p><img loading=\"lazy\" decoding=\"async\" class=\"alignnone wp-image-16073 \" src=\"https:\/\/www.wine.com.br\/winepedia\/wp-content\/uploads\/2016\/11\/Foto-11.jpg\" alt=\"Di\u00e1rio do Winehunter\" width=\"598\" height=\"397\" srcset=\"https:\/\/www.wine.com.br\/winepedia\/wp-content\/uploads\/2016\/11\/Foto-11.jpg 2048w, https:\/\/www.wine.com.br\/winepedia\/wp-content\/uploads\/2016\/11\/Foto-11-300x199.jpg 300w, https:\/\/www.wine.com.br\/winepedia\/wp-content\/uploads\/2016\/11\/Foto-11-768x510.jpg 768w, https:\/\/www.wine.com.br\/winepedia\/wp-content\/uploads\/2016\/11\/Foto-11-1024x680.jpg 1024w\" sizes=\"auto, (max-width: 598px) 100vw, 598px\" \/><\/p>\n<p>Essa foi nossa \u00faltima viagem para os pa\u00edses ib\u00e9ricos. Para n\u00f3s, \u00e9 sempre uma grande satisfa\u00e7\u00e3o poder compartilhar nossas hist\u00f3rias com voc\u00ea.<\/p>\n<p>Merci a tous et a bientot!<\/p>\n","protected":false},"excerpt":{"rendered":"<p>Desta vez, estivemos na Espanha e em Portugal. Por l\u00e1, al\u00e9m de ca\u00e7armos novos vinhos e visitarmos diferentes regi\u00f5es cortadas pelo rio Duero ou Douro, ganhamos mais duas condecora\u00e7\u00f5es.<\/p>\n","protected":false},"author":27,"featured_media":16722,"comment_status":"open","ping_status":"closed","sticky":false,"template":"","format":"standard","meta":{"footnotes":""},"categories":[6],"tags":[3240,2691,2490,2527,2486,2648,73],"class_list":["post-16067","post","type-post","status-publish","format-standard","has-post-thumbnail","hentry","category-diario-do-winehunter","tag-condecoracoes","tag-diario-do-winehunter","tag-espanha","tag-portugal","tag-vinhos","tag-vinicolas","tag-wine"],"_links":{"self":[{"href":"https:\/\/www.wine.com.br\/winepedia\/wp-json\/wp\/v2\/posts\/16067","targetHints":{"allow":["GET"]}}],"collection":[{"href":"https:\/\/www.wine.com.br\/winepedia\/wp-json\/wp\/v2\/posts"}],"about":[{"href":"https:\/\/www.wine.com.br\/winepedia\/wp-json\/wp\/v2\/types\/post"}],"author":[{"embeddable":true,"href":"https:\/\/www.wine.com.br\/winepedia\/wp-json\/wp\/v2\/users\/27"}],"replies":[{"embeddable":true,"href":"https:\/\/www.wine.com.br\/winepedia\/wp-json\/wp\/v2\/comments?post=16067"}],"version-history":[{"count":1,"href":"https:\/\/www.wine.com.br\/winepedia\/wp-json\/wp\/v2\/posts\/16067\/revisions"}],"predecessor-version":[{"id":26682,"href":"https:\/\/www.wine.com.br\/winepedia\/wp-json\/wp\/v2\/posts\/16067\/revisions\/26682"}],"wp:featuredmedia":[{"embeddable":true,"href":"https:\/\/www.wine.com.br\/winepedia\/wp-json\/wp\/v2\/media\/16722"}],"wp:attachment":[{"href":"https:\/\/www.wine.com.br\/winepedia\/wp-json\/wp\/v2\/media?parent=16067"}],"wp:term":[{"taxonomy":"category","embeddable":true,"href":"https:\/\/www.wine.com.br\/winepedia\/wp-json\/wp\/v2\/categories?post=16067"},{"taxonomy":"post_tag","embeddable":true,"href":"https:\/\/www.wine.com.br\/winepedia\/wp-json\/wp\/v2\/tags?post=16067"}],"curies":[{"name":"wp","href":"https:\/\/api.w.org\/{rel}","templated":true}]}}