{"id":19839,"date":"2018-07-29T17:23:56","date_gmt":"2018-07-29T20:23:56","guid":{"rendered":"https:\/\/www.wine.com.br\/winepedia\/?p=19839"},"modified":"2020-06-09T16:26:50","modified_gmt":"2020-06-09T19:26:50","slug":"vale-do-curico-para-alem-dos-vinhedos","status":"publish","type":"post","link":"https:\/\/www.wine.com.br\/winepedia\/vale-do-curico-para-alem-dos-vinhedos\/","title":{"rendered":"Vale do Curic\u00f3: para al\u00e9m dos vinhedos"},"content":{"rendered":"<p>Localizado no <strong>Maule<\/strong>, regi\u00e3o da parte central do <a href=\"https:\/\/www.wine.com.br\/winepedia\/enoturismo\/chile-roteiros-do-vinho\/\" target=\"_blank\" rel=\"noopener noreferrer\"><strong>Chile<\/strong><\/a>, 45 quil\u00f4metros a oeste da imponente Cordilheira dos Andes e 85 a leste do Oceano Pac\u00edfico, o Vale de Curic\u00f3 \u00e9 um dos principais e mais antigos centros vin\u00edcolas do pa\u00eds. Por conta disso, sua famosa rota do vinho \u00e9 tamb\u00e9m um importante roteiro tur\u00edstico do Novo Mundo.<\/p>\n<p>No cora\u00e7\u00e3o do Vale, a vin\u00edcola <a href=\"https:\/\/www.wine.com.br\/winepedia\/curiosidades\/miguel-torres-e-seu-compromisso-sustentavel\/\" target=\"_blank\" rel=\"noopener noreferrer\"><strong>Miguel Torres<\/strong><\/a>, por exemplo, \u00e9 um dos mais cl\u00e1ssicos destinos do enoturismo chileno. Especialistas vindos da Espanha no final dos anos 1970, em fun\u00e7\u00e3o das excelentes condi\u00e7\u00f5es clim\u00e1ticas da regi\u00e3o, os propriet\u00e1rios da vin\u00edcola prezam hoje pela viticultura org\u00e2nica e sustent\u00e1vel.<\/p>\n<p>Com um parque de dois mil barris de carvalho e bel\u00edssimos vinhedos, a Miguel Torres \u00e9 um deleite para os olhos \u2013 e para o paladar, claro: o Miguel Torres Conde de Superunda, carro-chefe da casa e <a href=\"https:\/\/www.wine.com.br\/clubewine\/exclusividades\/singulares\/\" target=\"_blank\" rel=\"noopener noreferrer\"><strong>Experi\u00eancias Singulares<\/strong><\/a> de agosto, \u00e9 um vinho denso e elegante, parte fundamental de uma boa experi\u00eancia degustativa na vin\u00edcola, que realiza harmoniza\u00e7\u00f5es com queijos e chocolates.<\/p>\n<p>E o Vale de Curic\u00f3 vai al\u00e9m de seus bons vinhos: para quem pensa em aproveitar outras atra\u00e7\u00f5es da regi\u00e3o, \u00e9 essencial incluir no roteiro o Parque Nacional Radal Siete Tazas, uma reserva florestal exuberante com mais de cinco mil hectares, famosa pelas suas sete quedas d\u2019\u00e1gua.<\/p>\n<p>O belo Lago Vichuqu\u00e9n, as antigas igrejas da cidade de Curic\u00f3 e a colina Condell s\u00e3o outros pontos que valem a visita. Al\u00e9m de claro, a Fiesta de La Vendimia de Curic\u00f3 em mar\u00e7o, que, al\u00e9m de imergir os visitantes nas tradi\u00e7\u00f5es vin\u00edcolas da regi\u00e3o, \u00e9 um \u00f3timo programa para quem pretende conhecer melhor a cultura local.<\/p>\n","protected":false},"excerpt":{"rendered":"<p>O Vale de Curic\u00f3, a 85 quil\u00f4metros do oceano e 45 da Cordilheira dos Andes, \u00e9 uma importante Denomina\u00e7\u00e3o de Origem chilena que tem vastas extens\u00f5es de terras plantadas com videiras de alto rendimento. Saiba mais. <\/p>\n","protected":false},"author":27,"featured_media":19841,"comment_status":"open","ping_status":"closed","sticky":false,"template":"","format":"standard","meta":{"footnotes":""},"categories":[8],"tags":[3392,3100,3093,93],"class_list":["post-19839","post","type-post","status-publish","format-standard","has-post-thumbnail","hentry","category-enoturismo","tag-miguel-torres-chile","tag-vale-de-curico","tag-vale-do-maule","tag-vinhos-chilenos"],"_links":{"self":[{"href":"https:\/\/www.wine.com.br\/winepedia\/wp-json\/wp\/v2\/posts\/19839","targetHints":{"allow":["GET"]}}],"collection":[{"href":"https:\/\/www.wine.com.br\/winepedia\/wp-json\/wp\/v2\/posts"}],"about":[{"href":"https:\/\/www.wine.com.br\/winepedia\/wp-json\/wp\/v2\/types\/post"}],"author":[{"embeddable":true,"href":"https:\/\/www.wine.com.br\/winepedia\/wp-json\/wp\/v2\/users\/27"}],"replies":[{"embeddable":true,"href":"https:\/\/www.wine.com.br\/winepedia\/wp-json\/wp\/v2\/comments?post=19839"}],"version-history":[{"count":0,"href":"https:\/\/www.wine.com.br\/winepedia\/wp-json\/wp\/v2\/posts\/19839\/revisions"}],"wp:featuredmedia":[{"embeddable":true,"href":"https:\/\/www.wine.com.br\/winepedia\/wp-json\/wp\/v2\/media\/19841"}],"wp:attachment":[{"href":"https:\/\/www.wine.com.br\/winepedia\/wp-json\/wp\/v2\/media?parent=19839"}],"wp:term":[{"taxonomy":"category","embeddable":true,"href":"https:\/\/www.wine.com.br\/winepedia\/wp-json\/wp\/v2\/categories?post=19839"},{"taxonomy":"post_tag","embeddable":true,"href":"https:\/\/www.wine.com.br\/winepedia\/wp-json\/wp\/v2\/tags?post=19839"}],"curies":[{"name":"wp","href":"https:\/\/api.w.org\/{rel}","templated":true}]}}