{"id":20991,"date":"2019-08-02T09:00:04","date_gmt":"2019-08-02T12:00:04","guid":{"rendered":"https:\/\/www.wine.com.br\/winepedia\/?p=20991"},"modified":"2020-06-09T16:23:42","modified_gmt":"2020-06-09T19:23:42","slug":"parceria-inedita-para-o-dia-dos-pais","status":"publish","type":"post","link":"https:\/\/www.wine.com.br\/winepedia\/parceria-inedita-para-o-dia-dos-pais\/","title":{"rendered":"Parceria in\u00e9dita para presentear"},"content":{"rendered":"<p>A Wine, em parceria com uma das marcas mais inovadoras do mercado de moda, a Reserva, criou a Trilha Reserva \u2013 uma assinatura de vinhos tem\u00e1tica, pr\u00e9-determinada e perfeita op\u00e7\u00e3o para presentear no Dia dos Pais. Durante tr\u00eas ou seis meses, os assinantes receber\u00e3o um vinho reserva e uma camiseta da marca com estampa in\u00e9dita relacionada ao contexto do vinho.<\/p>\n<p>O termo reserva, para o mundo do vinho, indica todo um cuidado na prepara\u00e7\u00e3o do r\u00f3tulo, desde a sele\u00e7\u00e3o da uva at\u00e9 um poss\u00edvel amadurecimento em barricas de carvalho. Os vinhos da trilha vir\u00e3o, a cada m\u00eas, de uma pa\u00eds diferente, entre eles Chile, Fran\u00e7a, Argentina, Portugal, Espanha e Uruguai. Uma verdadeira volta ao mundo.<\/p>\n<p>A mensalidade da trilha Reserva ser\u00e1 de <strong>R$169,00<\/strong> e o cliente poder\u00e1 optar pelo plano trimestral ou semestral.<br \/>\nGostou? Confira em <a href=\"http:\/\/www.wine.com.br\">Wine.com.br<\/a> ou compare\u00e7a a uma loja da Reserva.<\/p>\n","protected":false},"excerpt":{"rendered":"<p>Clube de vinhos e a marca Reserva lan\u00e7am a Trilha Reserva, composta por um vinho reserva e uma camiseta exclusiva<\/p>\n","protected":false},"author":27,"featured_media":20993,"comment_status":"open","ping_status":"closed","sticky":false,"template":"","format":"standard","meta":{"footnotes":""},"categories":[10],"tags":[4084,3207,4083,3718],"class_list":["post-20991","post","type-post","status-publish","format-standard","has-post-thumbnail","hentry","category-experiencia-wine","tag-camiseta","tag-dia-dos-pais","tag-parceria","tag-reserva"],"_links":{"self":[{"href":"https:\/\/www.wine.com.br\/winepedia\/wp-json\/wp\/v2\/posts\/20991","targetHints":{"allow":["GET"]}}],"collection":[{"href":"https:\/\/www.wine.com.br\/winepedia\/wp-json\/wp\/v2\/posts"}],"about":[{"href":"https:\/\/www.wine.com.br\/winepedia\/wp-json\/wp\/v2\/types\/post"}],"author":[{"embeddable":true,"href":"https:\/\/www.wine.com.br\/winepedia\/wp-json\/wp\/v2\/users\/27"}],"replies":[{"embeddable":true,"href":"https:\/\/www.wine.com.br\/winepedia\/wp-json\/wp\/v2\/comments?post=20991"}],"version-history":[{"count":0,"href":"https:\/\/www.wine.com.br\/winepedia\/wp-json\/wp\/v2\/posts\/20991\/revisions"}],"wp:featuredmedia":[{"embeddable":true,"href":"https:\/\/www.wine.com.br\/winepedia\/wp-json\/wp\/v2\/media\/20993"}],"wp:attachment":[{"href":"https:\/\/www.wine.com.br\/winepedia\/wp-json\/wp\/v2\/media?parent=20991"}],"wp:term":[{"taxonomy":"category","embeddable":true,"href":"https:\/\/www.wine.com.br\/winepedia\/wp-json\/wp\/v2\/categories?post=20991"},{"taxonomy":"post_tag","embeddable":true,"href":"https:\/\/www.wine.com.br\/winepedia\/wp-json\/wp\/v2\/tags?post=20991"}],"curies":[{"name":"wp","href":"https:\/\/api.w.org\/{rel}","templated":true}]}}