{"id":25448,"date":"2023-02-04T10:31:26","date_gmt":"2023-02-04T12:31:26","guid":{"rendered":"https:\/\/www.wine.com.br\/winepedia\/?p=25448"},"modified":"2024-10-07T09:13:24","modified_gmt":"2024-10-07T12:13:24","slug":"saiba-tudo-sobre-os-vinhos-vina-oria-marques-de-somera","status":"publish","type":"post","link":"https:\/\/www.wine.com.br\/winepedia\/saiba-tudo-sobre-os-vinhos-vina-oria-marques-de-somera\/","title":{"rendered":"Saiba tudo sobre os vinhos Vi\u00f1a Oria &#038; Marqu\u00eas de Somera"},"content":{"rendered":"\n<p>Origem, personalidade e tradi\u00e7\u00e3o, \u00e9 o que comp\u00f5e essa dupla repleta de hist\u00f3ria. Com um perfil descomplicado, os vinhos Marqu\u00e9s de Somera e Vi\u00f1a Oria conquistam os cora\u00e7\u00f5es dos curiosos por uma boa heran\u00e7a cultural.<\/p>\n\n\n\n<p>O respeito ao campo e ao cultivo tradicional da vinha, permite que os agricultores produzam vinhos de qualidade. Ambos combinam uma pr\u00e1tica aut\u00eantica e agricultura sustent\u00e1vel, onde a inova\u00e7\u00e3o e moderniza\u00e7\u00e3o do sistema de produ\u00e7\u00e3o \u00e9 uma constante.&nbsp;<\/p>\n\n\n\n<p>Ambos vinhos possuem origem espec\u00edfica, sendo produtos espanh\u00f3is, produzidos a partir de uma agricultura sustent\u00e1vel.<\/p>\n\n\n\n<p>Continue acompanhando e entenda, ainda mais, sobre cada um dos vinhos!<\/p>\n\n\n\n<p><strong>Marqu\u00e9s de Somera: conhe\u00e7a a jovialidade e o modernismo por tr\u00e1s dos r\u00f3tulos&nbsp;<\/strong><\/p>\n\n\n\n<p>N\u00e3o parando apenas no sabor, mas, tamb\u00e9m, na nobreza representada pela palavra Marqu\u00eas, como figura hist\u00f3rica da cidade de Longares, da cidade de origem do vinho.&nbsp;<\/p>\n\n\n\n<p>Marqu\u00e9s de Somera retrata o caminhar da vinicultura ao longo do tempo, se tornando atemporal e continuar a conquistar todos que o experimentam, o vinho elaborado com a uva o <a href=\"https:\/\/www.wine.com.br\/vinhos\/marques-de-somera-garnacha-2020\/prod27080.html?channable=0162f96964003237303830ce&amp;gclid=EAIaIQobChMIxOWa1rP3-wIVCjORCh0HBgbEEAQYAyABEgJI0vD_BwE\"><strong>Garnacha<\/strong><\/a><strong> <\/strong>at\u00e9 o <a href=\"https:\/\/www.wine.com.br\/vinhos\/marques-de-somera-tempranillo-2020\/prod27079.html?channable=0162f9696400323730373957&amp;gclid=EAIaIQobChMIxOWa1rP3-wIVCjORCh0HBgbEEAQYASABEgKydfD_BwE\"><strong>Tempranillo<\/strong><\/a>.&nbsp;<\/p>\n\n\n\n<p>Dentre a sua denomina\u00e7\u00e3o de origem, em Longares, h\u00e1 mais de 100 fam\u00edlias da aldeia respons\u00e1veis por uma heran\u00e7a recebida ao longo de gera\u00e7\u00f5es, cuidando e trabalhando seus vinhedos com muito cuidado.&nbsp;<\/p>\n\n\n\n<p><strong>Curiosidade<\/strong><\/p>\n\n\n\n<p>Na cidade de Longares, um munic\u00edpio da Espanha na prov\u00edncia de Sarago\u00e7a, comunidade aut\u00f3noma de Arag\u00e3o, nordeste da Espanha, um grupo de agricultores decidiu unir seus vinhedos, seu esfor\u00e7o, seu conhecimento, seu amor e paix\u00e3o pelo vinho.<\/p>\n\n\n\n<p>Assim nasceu, em 1945, Bodegas Covinca, uma cooperativa vin\u00edcola que pertence \u00e0 Denomina\u00e7\u00e3o de Origem Protegida Cari\u00f1ena e que, em 2020, comemorou 75 anos desde sua funda\u00e7\u00e3o.<\/p>\n\n\n\n<p><strong>Saboreie o conhecimento atrav\u00e9s dos r\u00f3tulos do Vin\u00e3 Oria<\/strong><\/p>\n\n\n\n<p>Compostos por castas aut\u00f3ctones e cultivo transmitido de gera\u00e7\u00e3o em gera\u00e7\u00e3o, os r\u00f3tulos D.O.P. Cari\u00f1ena <a href=\"https:\/\/www.wine.com.br\/vinhos\/vina-oria-d-o-p--carinena-macabeo-2020\/prod26324.html\"><strong>Macabeo<\/strong><\/a><strong> <\/strong>e <a href=\"https:\/\/www.wine.com.br\/vinhos\/vina-oria-d-o-p--carinena-tempranillo-2020\/prod26694.html\"><strong>Tempranillo<\/strong><\/a>, falam das 4 culturas que intervieram, ao longo da hist\u00f3ria, na identidade dos vinhedos.<\/p>\n\n\n\n<p>Composta por castas origin\u00e1rias da Espanha tendo suas t\u00e9cnicas de cultivo transmitidas de gera\u00e7\u00e3o em gera\u00e7\u00e3o, os r\u00f3tulos D.O.P Cari\u00f1ena Macabeo e Tempranillo mostram a uni\u00e3o entre tradi\u00e7\u00e3o e modernidade em vinhos jovens, descomplicados e que apresentam a identidade dos vinhedos.<\/p>\n\n\n\n<p>A hist\u00f3ria se movimenta desde os Romanos, passando pelos Visigodos, \u00c1rabes e finalmente pelos Crist\u00e3os. Ou seja, a marca \u00e9 uma homenagem a esta encruzilhada de culturas que colocam seu conhecimento no cultivo dos vinhedos da regi\u00e3o de Cari\u00f1ena.<\/p>\n\n\n\n<p>A D.O.P Cari\u00f1ena \u00e9 a segunda denomina\u00e7\u00e3o de origem de vinho mais antiga da Espanha, ficando atr\u00e1s apenas de Rioja, a mais antiga denomina\u00e7\u00e3o da Espanha, oficializada em 1925.<\/p>\n\n\n\n<p><strong>Curiosidade<\/strong><\/p>\n\n\n\n<p>Escritos de 1415 mostram que a lista de alimentos preferidos de Ferdinand I de Arag\u00e3o inclu\u00eda &#8220;vinho de Cari\u00f1ena e Longares, queijo de Pe\u00f1afiel, pernas de porco dos Pirineus e trigo de Sarago\u00e7a&#8221;.<\/p>\n\n\n\n<p>Isso n\u00e3o \u00e9 para qualquer um, n\u00e9?<\/p>\n\n\n\n<p><strong>Saiba mais sobre Vi\u00f1a Oria e Marqu\u00e9s de Somera. Ou\u00e7a o nosso Podcast sobre os r\u00f3tulos. <\/strong><a href=\"https:\/\/www.wine.com.br\/wineverso\/podcast\/marques-de-somera-e-vina-oria\"><strong>Clique aqui!<\/strong><\/a><\/p>\n","protected":false},"excerpt":{"rendered":"<p>Conhe\u00e7a a hist\u00f3ria e as curiosidade sobre essa dupla da Espanha<\/p>\n","protected":false},"author":27,"featured_media":25466,"comment_status":"open","ping_status":"open","sticky":false,"template":"","format":"standard","meta":{"footnotes":""},"categories":[1885],"tags":[],"class_list":["post-25448","post","type-post","status-publish","format-standard","has-post-thumbnail","hentry","category-tipos-de-uvas"],"_links":{"self":[{"href":"https:\/\/www.wine.com.br\/winepedia\/wp-json\/wp\/v2\/posts\/25448","targetHints":{"allow":["GET"]}}],"collection":[{"href":"https:\/\/www.wine.com.br\/winepedia\/wp-json\/wp\/v2\/posts"}],"about":[{"href":"https:\/\/www.wine.com.br\/winepedia\/wp-json\/wp\/v2\/types\/post"}],"author":[{"embeddable":true,"href":"https:\/\/www.wine.com.br\/winepedia\/wp-json\/wp\/v2\/users\/27"}],"replies":[{"embeddable":true,"href":"https:\/\/www.wine.com.br\/winepedia\/wp-json\/wp\/v2\/comments?post=25448"}],"version-history":[{"count":0,"href":"https:\/\/www.wine.com.br\/winepedia\/wp-json\/wp\/v2\/posts\/25448\/revisions"}],"wp:featuredmedia":[{"embeddable":true,"href":"https:\/\/www.wine.com.br\/winepedia\/wp-json\/wp\/v2\/media\/25466"}],"wp:attachment":[{"href":"https:\/\/www.wine.com.br\/winepedia\/wp-json\/wp\/v2\/media?parent=25448"}],"wp:term":[{"taxonomy":"category","embeddable":true,"href":"https:\/\/www.wine.com.br\/winepedia\/wp-json\/wp\/v2\/categories?post=25448"},{"taxonomy":"post_tag","embeddable":true,"href":"https:\/\/www.wine.com.br\/winepedia\/wp-json\/wp\/v2\/tags?post=25448"}],"curies":[{"name":"wp","href":"https:\/\/api.w.org\/{rel}","templated":true}]}}