{"id":25555,"date":"2023-03-10T17:05:00","date_gmt":"2023-03-10T20:05:00","guid":{"rendered":"https:\/\/www.wine.com.br\/winepedia\/?p=25555"},"modified":"2023-08-03T14:12:22","modified_gmt":"2023-08-03T17:12:22","slug":"rotulo-pedro-teixeira","status":"publish","type":"post","link":"https:\/\/www.wine.com.br\/winepedia\/rotulo-pedro-teixeira\/","title":{"rendered":"Pedro Teixeira: r\u00f3tulo her\u00f3ico e portugu\u00eas"},"content":{"rendered":"\n<p>Com uma trajet\u00f3ria hist\u00f3rica e repleta de aventuras, os vinhos que carregam o seu nome tamb\u00e9m n\u00e3o dispensam personalidade.<br><\/p>\n\n\n\n<p>Confira cada detalhe dessa composi\u00e7\u00e3o que conquista o paladar de qualquer um!<br><\/p>\n\n\n\n<p><strong>Mais detalhes sobre Pedro Teixeira<\/strong><br><\/p>\n\n\n\n<p>Voc\u00ea j\u00e1 ouviu falar de <a href=\"https:\/\/www.cantanhede.com\/pt\/produtos\/pedro-teixeira\/\">Pedro Teixeira<\/a>?&nbsp;<br><\/p>\n\n\n\n<p>Nascido no ano de 1587, em Cantanhede, Portugal, o desbravador e militar portugu\u00eas foi considerado, no Brasil, como Her\u00f3i Bandeirante, que carregava as bandeiras e estava \u00e0 frente das batalhas.&nbsp;<br><\/p>\n\n\n\n<p>Declarado por estar inscrito nos anais da Hist\u00f3ria da Grande Amaz\u00f4nia. Dentre as suas tarefas, Pedro vivia pela luta contra os invasores estrangeiros, tendo in\u00fameras batalhas navais, por\u00e9m, finalizando o seu ciclo de vida em 1647.<br><\/p>\n\n\n\n<p><strong>Homenagem ao militar nos vinhos repletos de potencial<\/strong><br><\/p>\n\n\n\n<p>Como contada anteriormente, a marca se inspirou na her\u00f3ica trajet\u00f3ria de Pedro Teixeira pelo Brasil.<br><\/p>\n\n\n\n<p>Dentre os produtos, os seguintes r\u00f3tulos da <strong>Wine<\/strong> se caracterizam pela riqueza em sua composi\u00e7\u00e3o:<br><\/p>\n\n\n\n<p><a href=\"https:\/\/www.wine.com.br\/vinhos\/pedro-teixeira-unoaked-edicao-limitada-d-o-c--bairrada-baga-2015\/prod26422.html\"><strong>Pedro Teixeira Unoaked Bairrada Baga 2015<\/strong><\/a><br><\/p>\n\n\n\n<p>A combina\u00e7\u00e3o de um tinto seco, somado a uma edi\u00e7\u00e3o limitada, n\u00e3o \u00e9 de se deixar passar, n\u00e9?<br><\/p>\n\n\n\n<figure class=\"wp-block-image size-large\"><img loading=\"lazy\" decoding=\"async\" width=\"339\" height=\"515\" src=\"https:\/\/www.wine.com.br\/winepedia\/wp-content\/uploads\/2023\/05\/image-7.png\" alt=\"\" class=\"wp-image-25557\" srcset=\"https:\/\/www.wine.com.br\/winepedia\/wp-content\/uploads\/2023\/05\/image-7.png 339w, https:\/\/www.wine.com.br\/winepedia\/wp-content\/uploads\/2023\/05\/image-7-197x300.png 197w\" sizes=\"auto, (max-width: 339px) 100vw, 339px\" \/><\/figure>\n\n\n\n<p><a href=\"https:\/\/www.wine.com.br\/vinhos\/pedro-teixeira-unoaked-edicao-limitada-d-o-c--bairrada-baga-2015\/prod26422.html\"><\/a><\/p>\n\n\n\n<p>Este exemplar, da Safra de 2015, n\u00e3o se trata apenas de um vinho, mas, tamb\u00e9m, de um projeto do Sommelier Osvaldo Amado, que demonstra toda a personalidade da uva Baga, neste terroir da Bairrada.<br><\/p>\n\n\n\n<p>E, para um vinho como este, cada uva precisa ser cuidadosamente selecionada, n\u00e9?&nbsp;<br><\/p>\n\n\n\n<p>Essa sele\u00e7\u00e3o \u00e9 proveniente do distinto terroir de Cantanhede, seguindo os seguintes passos:<br><\/p>\n\n\n\n<ul class=\"wp-block-list\"><li>Vinifica\u00e7\u00e3o em tanques de inox (durante 30 dias);<\/li><li>Leveduras ind\u00edgenas;<\/li><li>Inox sob borras finas (Sur Lie, durante 12 meses).<\/li><\/ul>\n\n\n\n<p>Al\u00e9m disso, este exemplar ficou mais 12 meses com afinamento em garrafa antes de ser comercializado, o que aumentou ainda mais sua complexidade.<br><\/p>\n\n\n\n<p><a href=\"https:\/\/www.wine.com.br\/vinhos\/pedro-teixeira-rose\/prod25536.html\"><strong>Pedro Teixeira Ros\u00e9<\/strong><\/a><br><\/p>\n\n\n\n<p>Se as suas harmoniza\u00e7\u00f5es girarem em torno de uma comida condimentada, como culin\u00e1ria mexicana, quiche de tomate seco, salada de frutas, ceviche de peixe branco com morangos e acaraj\u00e9, este \u00e9 o ideal!<br><\/p>\n\n\n\n<figure class=\"wp-block-image size-large\"><img loading=\"lazy\" decoding=\"async\" width=\"339\" height=\"515\" src=\"https:\/\/www.wine.com.br\/winepedia\/wp-content\/uploads\/2023\/05\/image-6.png\" alt=\"\" class=\"wp-image-25556\" srcset=\"https:\/\/www.wine.com.br\/winepedia\/wp-content\/uploads\/2023\/05\/image-6.png 339w, https:\/\/www.wine.com.br\/winepedia\/wp-content\/uploads\/2023\/05\/image-6-197x300.png 197w\" sizes=\"auto, (max-width: 339px) 100vw, 339px\" \/><\/figure>\n\n\n\n<p><a href=\"https:\/\/www.wine.com.br\/vinhos\/pedro-teixeira-rose\/prod25536.html\"><\/a><\/p>\n\n\n\n<p>Para mais uma <a href=\"https:\/\/www.wine.com.br\/vinhos\/pedro-teixeira-rose\/prod25536.html\">produ\u00e7\u00e3o do Sommelier Osvaldo Amado<\/a>, um ros\u00e9 tamb\u00e9m pode possuir caracter\u00edsticas dif\u00edceis de serem domadas, certo?<br><\/p>\n\n\n\n<p>Composto com Baga e uma das castas mais dif\u00edceis de implementar, por conta de sua pot\u00eancia t\u00e2nica, a eleg\u00e2ncia \u00e9 o que caracteriza esse ros\u00e9. Algo que poucos en\u00f3logos conseguem atingir com essa uva.<br><\/p>\n\n\n\n<p>Este exemplar amadurece, no m\u00ednimo, 2 meses em garrafa em condi\u00e7\u00f5es adequadas antes de ser comercializado. Um ros\u00e9 elegante, equilibrado, jovem, fresco e muito frutado que vai te surpreender!<br><\/p>\n\n\n\n<p><a href=\"https:\/\/www.wine.com.br\/vinhos\/pedro-teixeira-unoaked-edicao-limitada-d-o-c--bairrada-baga-2015\/prod26422.html#&amp;search-term=pedro%20teixeira\">Clique aqui<\/a> para conferir todos os r\u00f3tulos e ter grandes experi\u00eancias!<br><\/p>\n","protected":false},"excerpt":{"rendered":"<p>Para voc\u00ea que n\u00e3o dispensa um r\u00f3tulo portugu\u00eas e se encanta pelas maravilhas que s\u00e3o entregues &#8211; desde a cultura ao paladar -, o Pedro Teixeira n\u00e3o \u00e9 diferente. <\/p>\n","protected":false},"author":27,"featured_media":25558,"comment_status":"open","ping_status":"open","sticky":false,"template":"","format":"standard","meta":{"footnotes":""},"categories":[12,1892],"tags":[],"class_list":["post-25555","post","type-post","status-publish","format-standard","has-post-thumbnail","hentry","category-sommelier-wine","category-vinhos"],"_links":{"self":[{"href":"https:\/\/www.wine.com.br\/winepedia\/wp-json\/wp\/v2\/posts\/25555","targetHints":{"allow":["GET"]}}],"collection":[{"href":"https:\/\/www.wine.com.br\/winepedia\/wp-json\/wp\/v2\/posts"}],"about":[{"href":"https:\/\/www.wine.com.br\/winepedia\/wp-json\/wp\/v2\/types\/post"}],"author":[{"embeddable":true,"href":"https:\/\/www.wine.com.br\/winepedia\/wp-json\/wp\/v2\/users\/27"}],"replies":[{"embeddable":true,"href":"https:\/\/www.wine.com.br\/winepedia\/wp-json\/wp\/v2\/comments?post=25555"}],"version-history":[{"count":0,"href":"https:\/\/www.wine.com.br\/winepedia\/wp-json\/wp\/v2\/posts\/25555\/revisions"}],"wp:featuredmedia":[{"embeddable":true,"href":"https:\/\/www.wine.com.br\/winepedia\/wp-json\/wp\/v2\/media\/25558"}],"wp:attachment":[{"href":"https:\/\/www.wine.com.br\/winepedia\/wp-json\/wp\/v2\/media?parent=25555"}],"wp:term":[{"taxonomy":"category","embeddable":true,"href":"https:\/\/www.wine.com.br\/winepedia\/wp-json\/wp\/v2\/categories?post=25555"},{"taxonomy":"post_tag","embeddable":true,"href":"https:\/\/www.wine.com.br\/winepedia\/wp-json\/wp\/v2\/tags?post=25555"}],"curies":[{"name":"wp","href":"https:\/\/api.w.org\/{rel}","templated":true}]}}